{"id":181,"date":"2023-01-28T15:39:00","date_gmt":"2023-01-28T21:39:00","guid":{"rendered":"https:\/\/pass.bioacyl.com\/wordpress\/?p=181"},"modified":"2023-07-26T17:33:11","modified_gmt":"2023-07-26T23:33:11","slug":"enfoque-actualizado-de-la-salud-oral","status":"publish","type":"post","link":"https:\/\/pass.bioacyl.com\/wordpress\/2023\/01\/28\/enfoque-actualizado-de-la-salud-oral\/","title":{"rendered":"Enfoque actualizado de la salud oral"},"content":{"rendered":"<p>El avance del conocimiento cient\u00edfico hace posible encuadrar el problema del deterioro de la salud oral, desde un aspecto inmunol\u00f3gico y del control de los m\u00faltiples microambientes que componen la cavidad oral. El desconocimiento sobre inmunolog\u00eda de mucosas y de los microambientes, durante la segunda mitad del siglo XX y las 2 primeras d\u00e9cadas del siglo XXI, volcaron el \u00e9nfasis sobre intervenciones puramente bactericidas y la endeble remineralizaci\u00f3n del fluor, las cuales fueron consideradas \u00f3ptimas, pero que en el largo plazo han resultado ser, en el mejor caso, inadecuadas.<\/p>\n<p>Hoy se conoce que las afecciones mayores y m\u00e1s comunes que afectan ese habitat, las caries y la periodontitis, dependen de la simbosis de la microbiota y el control de los microambientes. Ambas inician con un aumento en la complejidad del microbioma. En la periodontitis, aumentan notablemente los patobiontes y pat\u00f3genos clave como el<em> Porphyromonas gingivalis<\/em>, que trastocan la respuesta inmune del hospedero, sin inicialmente ser causa directa de la enfermedad. Estudios contempor\u00e1neos del microbioma, apuntan a una perturbaci\u00f3n de consorcios emergentes de comunidades menores locales que resultan en disobosis, como causa de las caries, en vez de pat\u00f3genos espec\u00edficos y particularmente el <em>Streptococcus mutans<\/em>, como se afirm\u00f3 por mucho tiempo. Al actuar sinergicamente estas comunidades y estresar la habilidad del hospedero a dar una respuesta protectora, es cuando se establecen ambas enfermedades (Kilian. Chapple and Hannig 2016). La defensa que otorga protecci\u00f3n en periodontitis es gingival inicialmente. Se observan en ambas patolog\u00edas, respuestas t\u00f3picas con sIgA y la secreci\u00f3n de sistemas antimicrobianos salivales. Cuando la protecci\u00f3n gingival se desborda, se establece la patolog\u00eda tisular t\u00edpica de la periodontitis y cuando los neutr\u00f3filos liberan las metaloproteasas matriciales y se estimula la respuesta de c\u00e9lulas T, inicia la p\u00e9rdida de hueso alveolar. En las caries, la enfermedad se establece mediante una serie de especies acidog\u00e9nicas y acid\u00faricas, que trabajan en sinergia para promover la desmineralizaci\u00f3n del esmalte y la dentina. En suma, son problemas de equilibrio del microambiente-microbioma y de respuesta inmunitaria a la disbiosis (Costalonga and Herzberg 2014; Ptasiewicz<em> et al.<\/em> 2022).<\/p>\n<p>Las comunidades microbianas end\u00f3genas que conviven con el ser humano contribuyen a las funciones cr\u00edticas como el metabolismo, las funciones fisiol\u00f3gicas e inmunol\u00f3gicas, y que incluyen (Kilian. Chapple and Hannig 2016):<\/p>\n<ul class=\"u-list-style-bullet\">\n<li>La diferenciaci\u00f3n y maduraci\u00f3n de las mucosas del hospedero y su sistema inmune<\/li>\n<li>La digesti\u00f3n de alimentos y la nutrici\u00f3n<\/li>\n<li>La generaci\u00f3n de energ\u00eda<\/li>\n<li>La regulaci\u00f3n metab\u00f3lica y el almacenamiento de l\u00edpidos<\/li>\n<li>El procesamiento y la detoxificaci\u00f3n de contaminantes qu\u00edmicos ambientales<\/li>\n<li>El mantenimiento de la barrera mucosa e intestinal<\/li>\n<li>El desarrollo y la regulaci\u00f3n del sistema inmune y el afinamiento del grado de su respuesta, sea hacia un sesgo inflamatorio o antiinflamatorio.<\/li>\n<li>La prevenci\u00f3n de la colonizaci\u00f3n o el crecimiento a nivel de barrera, de especies microbianas causantes de enfermedad (resistencia a la colonizaci\u00f3n).<\/li>\n<\/ul>\n<p>Intervenciones que logren mantener un equilibrio de la microbiota y controlar los microambientes, son la mejor opci\u00f3n para mantener un estado de salud oral \u00f3ptimo y estable. Una medida de ese tipo, logra restituir la normalidad en corto tiempo y su uso habitual asegura salud oral \u00f3ptima. Dada la complejidad del tema de los microambientes y que es posible entrever de la figura que se presenta, el mecanismo de la intervenci\u00f3n desarrollada por BioAcyl Corp Lb, se comprende mejor de la presentaci\u00f3n <a href=\"https:\/\/pass.bioacyl.com\/2022\/10\/13\/periactil-complete-y-ecologia-bucal\/\">Periactil Complete y Ecolog\u00eda Bucal<\/a>, disponible en presentaci\u00f3n PowerPoint.<\/p>\n<p><img loading=\"lazy\" decoding=\"async\" class=\"alignnone wp-image-1067 size-full\" src=\"https:\/\/pass.bioacyl.com\/wp-content\/uploads\/2022\/10\/Microenvironment-2023-01-14-at-11.43.22-AM.jpeg\" alt=\"\" width=\"1280\" height=\"955\" \/><\/p>\n<p>Elementos b\u00e1sicos de un microambiente<\/p>\n<p>Costalonga, M. &amp; Herzberg, M. C. (2014) The oral microbiome and the immunobiology of periodontal disease and caries. <em>Immunology letters<\/em>, 162 22\u201438.<\/p>\n<p>Kilian, M., Chapple, I. L. C., &amp; Hannig, M. (2016). The oral microbiome \u2013 an update for oral healthcare professionals.\u00a0<em>British Dental Journal<\/em>,\u00a0<em>221<\/em>(10), 657\u2013666.<\/p>\n<p>Ptasiewicz, M., Grywalska, E., Mertowska, P., Korona-G\u0142owniak, I., Poniewierska-Baran, A., Nied\u017awiedzka-Rystwej, P. &amp; Cha\u0142as, R. (2022) Armed to the Teeth&amp;mdash;The Oral Mucosa Immunity System and Microbiota. <em>International Journal of Molecular Sciences<\/em>, 23 882.<\/p>\n","protected":false},"excerpt":{"rendered":"<p>El avance del conocimiento cient\u00edfico hace posible encuadrar el problema del deterioro de la salud oral, desde un aspecto inmunol\u00f3gico y del control de los m\u00faltiples microambientes que componen la cavidad oral. El desconocimiento sobre inmunolog\u00eda de mucosas y de los microambientes, durante la segunda mitad del siglo XX y las 2 primeras d\u00e9cadas del [&hellip;]<\/p>\n","protected":false},"author":1,"featured_media":0,"comment_status":"open","ping_status":"open","sticky":false,"template":"","format":"standard","meta":{"footnotes":""},"categories":[1],"tags":[],"class_list":["post-181","post","type-post","status-publish","format-standard","hentry","category-sin-categoria"],"_links":{"self":[{"href":"https:\/\/pass.bioacyl.com\/wordpress\/wp-json\/wp\/v2\/posts\/181","targetHints":{"allow":["GET"]}}],"collection":[{"href":"https:\/\/pass.bioacyl.com\/wordpress\/wp-json\/wp\/v2\/posts"}],"about":[{"href":"https:\/\/pass.bioacyl.com\/wordpress\/wp-json\/wp\/v2\/types\/post"}],"author":[{"embeddable":true,"href":"https:\/\/pass.bioacyl.com\/wordpress\/wp-json\/wp\/v2\/users\/1"}],"replies":[{"embeddable":true,"href":"https:\/\/pass.bioacyl.com\/wordpress\/wp-json\/wp\/v2\/comments?post=181"}],"version-history":[{"count":9,"href":"https:\/\/pass.bioacyl.com\/wordpress\/wp-json\/wp\/v2\/posts\/181\/revisions"}],"predecessor-version":[{"id":692,"href":"https:\/\/pass.bioacyl.com\/wordpress\/wp-json\/wp\/v2\/posts\/181\/revisions\/692"}],"wp:attachment":[{"href":"https:\/\/pass.bioacyl.com\/wordpress\/wp-json\/wp\/v2\/media?parent=181"}],"wp:term":[{"taxonomy":"category","embeddable":true,"href":"https:\/\/pass.bioacyl.com\/wordpress\/wp-json\/wp\/v2\/categories?post=181"},{"taxonomy":"post_tag","embeddable":true,"href":"https:\/\/pass.bioacyl.com\/wordpress\/wp-json\/wp\/v2\/tags?post=181"}],"curies":[{"name":"wp","href":"https:\/\/api.w.org\/{rel}","templated":true}]}}