{"id":213,"date":"2023-01-28T16:50:46","date_gmt":"2023-01-28T22:50:46","guid":{"rendered":"https:\/\/pass.bioacyl.com\/wordpress\/?p=213"},"modified":"2023-06-06T19:05:55","modified_gmt":"2023-06-07T01:05:55","slug":"reabsorciones-apicales-externas","status":"publish","type":"post","link":"https:\/\/pass.bioacyl.com\/wordpress\/2023\/01\/28\/reabsorciones-apicales-externas\/","title":{"rendered":"Reabsorciones apicales externas"},"content":{"rendered":"\n<div id=\"ez-toc-container\" class=\"ez-toc-v2_0_82_2 counter-hierarchy ez-toc-counter ez-toc-grey ez-toc-container-direction\">\n<div class=\"ez-toc-title-container\">\n<p class=\"ez-toc-title\" style=\"cursor:inherit\">Tabla de Contenido<\/p>\n<span class=\"ez-toc-title-toggle\"><a href=\"#\" class=\"ez-toc-pull-right ez-toc-btn ez-toc-btn-xs ez-toc-btn-default ez-toc-toggle\" aria-label=\"Alternar tabla de contenidos\"><span class=\"ez-toc-js-icon-con\"><span class=\"\"><span class=\"eztoc-hide\" style=\"display:none;\">Toggle<\/span><span class=\"ez-toc-icon-toggle-span\"><svg style=\"fill: #999;color:#999\" xmlns=\"http:\/\/www.w3.org\/2000\/svg\" class=\"list-377408\" width=\"20px\" height=\"20px\" viewBox=\"0 0 24 24\" fill=\"none\"><path d=\"M6 6H4v2h2V6zm14 0H8v2h12V6zM4 11h2v2H4v-2zm16 0H8v2h12v-2zM4 16h2v2H4v-2zm16 0H8v2h12v-2z\" fill=\"currentColor\"><\/path><\/svg><svg style=\"fill: #999;color:#999\" class=\"arrow-unsorted-368013\" xmlns=\"http:\/\/www.w3.org\/2000\/svg\" width=\"10px\" height=\"10px\" viewBox=\"0 0 24 24\" version=\"1.2\" baseProfile=\"tiny\"><path d=\"M18.2 9.3l-6.2-6.3-6.2 6.3c-.2.2-.3.4-.3.7s.1.5.3.7c.2.2.4.3.7.3h11c.3 0 .5-.1.7-.3.2-.2.3-.5.3-.7s-.1-.5-.3-.7zM5.8 14.7l6.2 6.3 6.2-6.3c.2-.2.3-.5.3-.7s-.1-.5-.3-.7c-.2-.2-.4-.3-.7-.3h-11c-.3 0-.5.1-.7.3-.2.2-.3.5-.3.7s.1.5.3.7z\"\/><\/svg><\/span><\/span><\/span><\/a><\/span><\/div>\n<nav><ul class='ez-toc-list ez-toc-list-level-1 ' ><li class='ez-toc-page-1 ez-toc-heading-level-1'><a class=\"ez-toc-link ez-toc-heading-1\" href=\"https:\/\/pass.bioacyl.com\/wordpress\/2023\/01\/28\/reabsorciones-apicales-externas\/#La_torsion_del_ligamento\" >La torsi\u00f3n del ligamento<\/a><\/li><li class='ez-toc-page-1 ez-toc-heading-level-1'><a class=\"ez-toc-link ez-toc-heading-2\" href=\"https:\/\/pass.bioacyl.com\/wordpress\/2023\/01\/28\/reabsorciones-apicales-externas\/#El_impacto_de_Periactil_para_el_manejo_de_la_inflamacion_durante_el_tratamiento_de_ortodoncia\" >El impacto de Periactil para el manejo de la inflamaci\u00f3n durante el tratamiento de ortodoncia.<\/a><ul class='ez-toc-list-level-3' ><li class='ez-toc-heading-level-3'><ul class='ez-toc-list-level-3' ><li class='ez-toc-heading-level-3'><a class=\"ez-toc-link ez-toc-heading-3\" href=\"https:\/\/pass.bioacyl.com\/wordpress\/2023\/01\/28\/reabsorciones-apicales-externas\/#Referencias\" >Referencias<\/a><\/li><\/ul><\/li><\/ul><\/li><\/ul><\/nav><\/div>\n<h1 class=\"wp-block-heading\"><span class=\"ez-toc-section\" id=\"La_torsion_del_ligamento\"><\/span>La torsi\u00f3n del ligamento<span class=\"ez-toc-section-end\"><\/span><\/h1>\n\n\n\n<p>El paradigma de aplicar una carga apropiada al periodonto para obtener el m\u00e1ximo de movimiento dental con m\u00ednima reabsorci\u00f3n \u00f3sea, reabsorci\u00f3n de cemento y remodelaci\u00f3n del ligamento, puede dar un resultado inesperado seg\u00fan factores gen\u00e9ticos del paciente, la historia de asma, de alergias, de trauma y de procedimientos dentales previos, cuando la resoluci\u00f3n de la inflamaci\u00f3n (&gt;48hrs) inducida por la fuerza mec\u00e1nica del diente que se mueve dentro del alveolo, toma un giro de maladaptaci\u00f3n. Hay casos en que los odonclastos extienden su acci\u00f3n sobre el cemento a la dentina, la cual desborda la acci\u00f3n reparativa espont\u00e1nea del cemento y conduce a que la reabsorci\u00f3n \u00f3sea se torne irreversible (Lunardi, B\u00e9cavin, Gambiez, &amp; others, 2013).<\/p>\n\n\n\n<p>La reabsorciones apicales internas, usualmente son controladas sin problema durante el tratamiento ortod\u00f3ntico. Aparecen en forma temprana, generalmente sin complicaciones infecciosas y pueden ser detectadas por el ortodoncista y tratadas como corresponde. Son las reabsorciones cervicales, que aparecen despu\u00e9s de haber concluido el tratamiento \u2014entre 18 y 33 meses\u2014 y por su cercan\u00eda al&nbsp;<em>sulcus<\/em>&nbsp;quedan expuestas a la contaminaci\u00f3n bacteriana y a ser muy invasivas, a las que se refiere este mensaje. La exacerbaci\u00f3n inflamatoria causada por la infecci\u00f3n, facilita la conversi\u00f3n de monocitos positivos a la TRAP (fosfatasa \u00e1cida resistente al tartarato), en odontoclastos y su agresividad (Kamat, Puranik, Vanaki, &amp; others, 2013). Seg\u00fan Heithersay, un 21.2% a 24.1% de los pacientes con reabsorciones cervicales, tiene como causa los procedimientos ortod\u00f3nticos y el tratamiento en esta compicaci\u00f3n no est\u00e1 tan claro, como lo est\u00e1 en las apicales; la suspensi\u00f3n temporal del tratamiento ortod\u00f3ntico.<\/p>\n\n\n\n<figure class=\"wp-block-image\"><img decoding=\"async\" src=\"https:\/\/pass.bioacyl.com\/wp-content\/uploads\/2022\/10\/2022-10-27_184857.jpg\" alt=\"\"\/><\/figure>\n\n\n\n<p>Descoloraci\u00f3n rosada cervical que denota la presencia de una reabsorci\u00f3n externa subyacente, en la segunda premolar inferior izquierda. Tomado de Lunardi.<\/p>\n\n\n\n<p>La presencia de una respuesta tisular a estr\u00e9s durante los movimientos dentales de los procesos ortod\u00f3nticos, ha sido documentada ampliamente en la literatura y adem\u00e1s en el estudio que les presentamos realizado en Costa Rica, donde la diferencia entre pacientes que reciben tratamiento ortod\u00f3ntico y escogidos como controles y placebo, cursan con signos adversos en cuanto a acumulaci\u00f3n de placa bacteriana y afecci\u00f3n periodontal, en comparaci\u00f3n al grupo tratado con el gel Periactil. La posibilidad de disminuir favorablemente estos factores y la inflamaci\u00f3n en los pacientes de otodoncia sin que se afecte la movilidad dentaria, coloca al kit&nbsp;<strong>Complete Oral Care System&nbsp;<\/strong>como una arma novedosa de \u00faltima generaci\u00f3n la cual puede mejorar la evoluci\u00f3n inmediata de los pacientes de ortodonciay evitar las complicaciones mediatas a mediano plazo. Es adem\u00e1s notable que, el placebo del estudio, el cual contiene la glicobiolog\u00eda del veh\u00edculo comestible especial de las 2 formulaciones del kit, causaraun efecto favorable en los resultados; si bien bastante menor al de la formulaci\u00f3n completa de Periactil. Esto se explica por la compleja glicobiolog\u00eda y los factores mucina-simil del veh\u00edculo de la formulaci\u00f3n, los cuales pueden otogar protecci\u00f3n e inmunidad por exclusi\u00f3n en la mucosa y a pesar de la no presencia en el placebo, del b\u00fafer propietario que controla el microambiente en los par\u00e1metros de pH, controlredox y se\u00f1alizaci\u00f3n bioenerg\u00e9tica de la formulaci\u00f3n completa.<\/p>\n\n\n\n<p>En cuanto a la trayectoria de Complete. se trata de un producto que por m\u00e1s de 5 a\u00f1os ha sido comercializado en los EE.UU, para cuidado oral general y con resultados excelentes y un porcentaje de repetici\u00f3n de compra, que se acerca a un 60%. Los mismos usuarios en sus testimonios, han notado los efectos que ya eran evidentes en el estudio del 2003 y en algunos casos, as\u00ed lo han expresado con testimonios inesperadamente m\u00e1s favorables de lo anticipado. Por razones de ser un desarrollo de una PYME y la carencia de recursos para llevar la tecnolog\u00eda a mercado, hasta ahora Complete hace su ingreso al mercado costarricense, sin tener acogida y el apoyo, por parte de los diferentes canales de venta f\u00edsica. Por el momento est\u00e1 solamente disponible por compra directa. El kit consta de:<\/p>\n\n\n\n<p>\u2022 un elemento cepillado que puede considerarse como un enjuague con cepillo, de manera que puede ser usado despu\u00e9s de cepillado con pasta corriente sin per\u00f3xido, y<\/p>\n\n\n\n<p>\u2022 de un segundo elemento, que se aplica esparci\u00e9ndolo en la cavidad oral y el remanente ingerido (100% comestible) para otorgar protecci\u00f3n entre ingestas.<\/p>\n\n\n\n<p>El producto hoy en d\u00eda ha evolucionado considerablemente y es bastante m\u00e1s refinado y eficaz que el de inicio, el cual fue empleado en el estudio del cual a continuci\u00f3n proporcionamos un enlace:<\/p>\n\n\n\n<h1 class=\"wp-block-heading\"><span class=\"ez-toc-section\" id=\"El_impacto_de_Periactil_para_el_manejo_de_la_inflamacion_durante_el_tratamiento_de_ortodoncia\"><\/span><a href=\"https:\/\/social.bioacyl.com\/2022\/10\/13\/el-impacto-del-periactil-para-el-manejo-de-la-inflamacion-gingival-durante-el-tratamiento-de-ortodoncia\/\" target=\"_blank\" rel=\"noreferrer noopener\">El impacto de Periactil para el manejo de la inflamaci\u00f3n durante el tratamiento de ortodoncia.<\/a><span class=\"ez-toc-section-end\"><\/span><\/h1>\n\n\n\n<p><a href=\"https:\/\/www.med-actil.com\/complete\"><strong>Testimonios<\/strong><\/a><\/p>\n\n\n\n<h3 class=\"wp-block-heading\"><span class=\"ez-toc-section\" id=\"Referencias\"><\/span>Referencias<span class=\"ez-toc-section-end\"><\/span><\/h3>\n\n\n\n<p>Heithersay, G. S. (1999). Invasive cervical resorption: an analysis of potential predisposing factors.&nbsp;<em>Quintessence International (Berlin, Germany : 1985)<\/em>,&nbsp;<em>30<\/em>(2), 83\u201495.<\/p>\n\n\n\n<p>Kamat, M., Puranik, R., Vanaki, S., &amp; others. (2013). An insight into the regulatory mechanisms of cells involved in resorption of dental hard tissues.&nbsp;<em>Journal of Oral and Maxillofacial Pathology : JOMFP<\/em>,&nbsp;<em>17<\/em>(2), 228.<\/p>\n\n\n\n<p>Lunardi, D., B\u00e9cavin, T., Gambiez, A., &amp; others. (2013). Orthodontically induced inflammatory root resorption: apical and cervical complications.&nbsp;<em>Journal of Dentofacial Anomalies and Orthodontics<\/em>,&nbsp;<em>16<\/em>(1), 102.<\/p>\n","protected":false},"excerpt":{"rendered":"<p>La torsi\u00f3n del ligamento El paradigma de aplicar una carga apropiada al periodonto para obtener el m\u00e1ximo de movimiento dental con m\u00ednima reabsorci\u00f3n \u00f3sea, reabsorci\u00f3n de cemento y remodelaci\u00f3n del ligamento, puede dar un resultado inesperado seg\u00fan factores gen\u00e9ticos del paciente, la historia de asma, de alergias, de trauma y de procedimientos dentales previos, cuando [&hellip;]<\/p>\n","protected":false},"author":1,"featured_media":0,"comment_status":"open","ping_status":"open","sticky":false,"template":"","format":"standard","meta":{"footnotes":""},"categories":[1],"tags":[],"class_list":["post-213","post","type-post","status-publish","format-standard","hentry","category-sin-categoria"],"_links":{"self":[{"href":"https:\/\/pass.bioacyl.com\/wordpress\/wp-json\/wp\/v2\/posts\/213","targetHints":{"allow":["GET"]}}],"collection":[{"href":"https:\/\/pass.bioacyl.com\/wordpress\/wp-json\/wp\/v2\/posts"}],"about":[{"href":"https:\/\/pass.bioacyl.com\/wordpress\/wp-json\/wp\/v2\/types\/post"}],"author":[{"embeddable":true,"href":"https:\/\/pass.bioacyl.com\/wordpress\/wp-json\/wp\/v2\/users\/1"}],"replies":[{"embeddable":true,"href":"https:\/\/pass.bioacyl.com\/wordpress\/wp-json\/wp\/v2\/comments?post=213"}],"version-history":[{"count":3,"href":"https:\/\/pass.bioacyl.com\/wordpress\/wp-json\/wp\/v2\/posts\/213\/revisions"}],"predecessor-version":[{"id":428,"href":"https:\/\/pass.bioacyl.com\/wordpress\/wp-json\/wp\/v2\/posts\/213\/revisions\/428"}],"wp:attachment":[{"href":"https:\/\/pass.bioacyl.com\/wordpress\/wp-json\/wp\/v2\/media?parent=213"}],"wp:term":[{"taxonomy":"category","embeddable":true,"href":"https:\/\/pass.bioacyl.com\/wordpress\/wp-json\/wp\/v2\/categories?post=213"},{"taxonomy":"post_tag","embeddable":true,"href":"https:\/\/pass.bioacyl.com\/wordpress\/wp-json\/wp\/v2\/tags?post=213"}],"curies":[{"name":"wp","href":"https:\/\/api.w.org\/{rel}","templated":true}]}}